{"id":10321,"date":"2023-10-25T09:15:28","date_gmt":"2023-10-25T08:15:28","guid":{"rendered":"https:\/\/www.pzdw.bialystok.pl\/?p=10321"},"modified":"2025-12-16T09:35:05","modified_gmt":"2025-12-16T08:35:05","slug":"10321","status":"publish","type":"post","link":"https:\/\/www.pzdw.bialystok.pl\/?p=10321","title":{"rendered":"Budowa dr\u00f3g dla pieszych i rower\u00f3w w ci\u0105gu dr\u00f3g wojew\u00f3dzkich Podlasia"},"content":{"rendered":"\n<figure class=\"wp-block-image\"><img decoding=\"async\" width=\"170\" height=\"120\" src=\"https:\/\/www.pzdw.bialystok.pl\/wp-content\/uploads\/2022\/07\/RFRD_ikonka.png\" alt=\"\" class=\"wp-image-9400\"\/><\/figure>\n\n\n\n<p class=\"has-text-align-left\"><\/p>\n\n\n<p>\n\n\n<\/p>\n<p class=\"has-text-align-left\"><strong>UMOWA nr 01\/2023 zawarta dnia 24 listopada 2022 roku<\/strong> <strong>pomi\u0119dzy Skarbem Pa\u0144stwa\/ Ministrem Infrastruktury a Wojew\u00f3dztwem Podlaskim o udzielenie dofinansowania ze \u015brodk\u00f3w Rz\u0105dowego Funduszu Rozwoju Dr\u00f3g dla zadania wojew\u00f3dzkiego pod nazw\u0105:<\/strong><\/p>\n<p>\n\n\n\n<\/p>\n<p>\u00a0<\/p>\n<p class=\"has-text-align-left\"><strong>\u201eBudowa dr\u00f3g dla pieszych i rower\u00f3w w ci\u0105gu dr\u00f3g wojew\u00f3dzkich Podlasia\u201d\u00a0\u00a0<\/strong><\/p>\n<p>\n\n\n\n<\/p>\n<p class=\"has-text-align-left\">Ca\u0142kowita warto\u015b\u0107 zadania:<strong> 20 000 000,00 z\u0142<\/strong><\/p>\n<p>\n\n\n\n<\/p>\n<p class=\"has-text-align-left\">Kwota dofinansowania ze \u015brodk\u00f3w Rz\u0105dowego Funduszu Rozwoju Dr\u00f3g: <strong>16 000 000,00 z\u0142<\/strong><\/p>\n<p>\n\n\n\n<\/p>\n<p class=\"has-text-align-left\">Udzia\u0142 bud\u017cetu Samorz\u0105du Wojew\u00f3dztwa Podlaskiego:<strong> 4 000 000,00 z\u0142<\/strong><\/p>\n<p>\n\n\n\n<\/p>\n<p class=\"has-text-align-left\">Beneficjent: <strong>WOJEW\u00d3DZTWO PODLASKIE<\/strong><\/p>\n<p>\n\n\n\n<\/p>\n<p class=\"has-text-align-left\">Podmiot Reprezentuj\u0105cy Beneficjenta: <strong>Podlaski Zarz\u0105d Dr\u00f3g Wojew\u00f3dzkich w Bia\u0142ymstoku<\/strong><\/p>\n<p>\n\n\n\n<\/p>\n<p class=\"has-text-align-center\"><strong>\u00a0<\/strong><\/p>\n<p>\n\n\n<p class=\"has-text-align-left\"><strong>Okres realizacji Projektu: 10.2023 \u2013 12.2026<\/strong><\/p>\n<p>\u00a0<\/p>\n\n\n<\/p>\n<p><em>Projekt pn.: \u201e<\/em>Budowa dr\u00f3g dla pieszych i rower\u00f3w w ci\u0105gu dr\u00f3g wojew\u00f3dzkich Podlasia\u201d<em> obejmuje budow\u0119 ok. 18,8 km dr\u00f3g dla pieszych i rower\u00f3w w ci\u0105gu dr\u00f3g wojew\u00f3dzkich na zaplanowanych odcinkach: <\/em><\/p>\n<ol>\n<li><em>Droga wojew\u00f3dzka Nr 645 na odcinku Zb\u00f3jna \u2013 Nowogr\u00f3d<\/em><\/li>\n\n\n\n<li><em>Droga wojew\u00f3dzka Nr 659 na odcinku Bielsk Podlaski \u2013 Augustowo<\/em><\/li>\n\n\n\n<li><em>Droga wojew\u00f3dzka Nr 664 (ul. Bohater\u00f3w Westerplatte) mi\u0119dzy skrzy\u017cowaniami z ulicami: Wybickiego i Limanowskiego w Augustowie<\/em><\/li>\n\n\n\n<li><em>Droga wojew\u00f3dzka Nr 676 na odcinku Supra\u015bl \u2013 Podsoko\u0142da<\/em><\/li>\n\n\n\n<li><em>Droga wojew\u00f3dzka Nr 684 Bielsk Podlaski \u2013 Narew w m. Bia\u0142a <\/em><\/li>\n<\/ol>\n<ul>\n\n<\/ul>\n<p>\n\n\n\n<\/p>\n<p>Projekt pn.: \u201eBudowa dr\u00f3g dla pieszych i rower\u00f3w w ci\u0105gu dr\u00f3g wojew\u00f3dzkich Podlasia\u201d dotycz\u0105cy zgodnie z za\u0142o\u017ceniami Rz\u0105dowego Funduszu Rozwoju Dr\u00f3g poprawy bezpiecze\u0144stwa niechronionych uczestnik\u00f3w ruchu, polegaj\u0105cych w szczeg\u00f3lno\u015bci na budowie lub przebudowie: dr\u00f3g dla pieszych, dr\u00f3g dla pieszych i rower\u00f3w, dr\u00f3g dla rower\u00f3w, przej\u015b\u0107 dla pieszych, przejazd\u00f3w dla rower\u00f3w oraz peron\u00f3w przystankowych wraz z doj\u015bciami do tych peron\u00f3w, obejmuje na zaplanowanych odcinkach wykonanie:<\/p>\n<h4>Droga wojew\u00f3dzka Nr 645 na odcinku Zb\u00f3jna \u2013 Nowogr\u00f3d<\/h4>\n<ol>\n\n\n<p><!-- \/wp:post-content --> <!-- wp:list --><\/p>\n<ul>\n<li style=\"list-style-type: none;\">\n<ul><!-- wp:list-item --><\/p>\n<li>Droga dla pieszych i rower\u00f3w:<\/li>\n<\/ul>\n<\/li>\n<\/ul>\n<p><!-- \/wp:list-item --><\/p>\n<p><!-- \/wp:list --> <!-- wp:group {\"layout\":{\"type\":\"flex\",\"orientation\":\"vertical\"}} --><\/p>\n<div class=\"wp-block-group\"><!-- wp:paragraph --><\/p>\n<ul>\n<li style=\"list-style-type: none;\">\n<ul>\n<li>Pocz\u0105tek w km ok. 38+400,<\/li>\n<li><!-- \/wp:paragraph --> <!-- wp:paragraph -->Koniec w km ok. 45+431 (dowi\u0105zanie do istniej\u0105cej \u015bcie\u017cki rowerowa po str. L),<\/li>\n<li><!-- \/wp:paragraph --> <!-- wp:paragraph -->Z wy\u0142\u0105czeniem odcinka od km 43+230 do km 43+550<\/li>\n<li><!-- \/wp:paragraph --> <!-- wp:paragraph -->D\u0142ugo\u015b\u0107 odcinka wynosi 6711 m,<\/li>\n<li><!-- \/wp:paragraph --> <!-- wp:paragraph -->Szeroko\u015b\u0107 w terenie zabudowanym 2,5 m,<\/li>\n<li><!-- \/wp:paragraph --> <!-- wp:paragraph -->Szeroko\u015b\u0107 poza terenem zabudowanym 3,0 m,<\/li>\n<li><!-- \/wp:paragraph --> <!-- wp:paragraph -->Nawierzchnia: bitumiczna,<\/li>\n<li><!-- \/wp:paragraph --> <!-- wp:paragraph -->Do\u015bwietlenie przej\u015b\u0107 dla pieszych i rower\u00f3w,<\/li>\n<\/ul>\n<\/li>\n<\/ul>\n<\/div>\n<p style=\"padding-left: 40px;\"><!-- \/wp:paragraph --> <!-- wp:paragraph --><\/p>\n<p style=\"padding-left: 40px;\">Odwodnienie pasa drogowego nast\u0105pi powierzchniowo do row\u00f3w drogowych oraz do projektowanej kanalizacji deszczowej i wpust\u00f3w drogowych, kt\u00f3re odprowadzaj\u0105 wod\u0119 do row\u00f3w drogowych. Istniej\u0105ce przepusty pod DW zostanie przed\u0142u\u017cone w celu dostosowania do projektowanych parametr\u00f3w.<\/p>\n<p><!-- \/wp:paragraph --> <!-- wp:list --><\/p>\n<ul>\n<li style=\"list-style-type: none;\">\n<ul><!-- wp:list-item --><\/p>\n<li>Przej\u015bcia dla pieszych wraz z przejazdami dla rower\u00f3w:<\/li>\n<\/ul>\n<\/li>\n<\/ul>\n<p><!-- \/wp:list-item --><\/p>\n<p><!-- \/wp:list --> <!-- wp:group {\"layout\":{\"type\":\"flex\",\"orientation\":\"vertical\"}} --><\/p>\n<div class=\"wp-block-group\"><!-- wp:paragraph --><\/p>\n<ul>\n<li style=\"list-style-type: none;\">\n<ul>\n<li>38+400 (droga gminna, ul. Tartaczna, miejscowo\u015b\u0107 Zb\u00f3jna)<\/li>\n<li><!-- \/wp:paragraph --> <!-- wp:paragraph -->39+651 (droga wewn\u0119trzna)<\/li>\n<li><!-- \/wp:paragraph --> <!-- wp:paragraph -->40+130 (1889B droga powiatowa)<\/li>\n<li><!-- \/wp:paragraph --> <!-- wp:paragraph -->40+862 (droga gminna wewn\u0119trzna)<\/li>\n<li><!-- \/wp:paragraph --> <!-- wp:paragraph -->41+715 (1893B droga powiatowa)<\/li>\n<li><!-- \/wp:paragraph --> <!-- wp:paragraph -->42+567 (129023B droga gminna)<\/li>\n<li><!-- \/wp:paragraph --> <!-- wp:paragraph -->42+743 (droga wojew\u00f3dzka Nr 648)<\/li>\n<li><!-- \/wp:paragraph --> <!-- wp:paragraph -->43+575 (2652B droga powiatowa, ul. Poleg\u0142ych)<\/li>\n<li><!-- \/wp:paragraph --> <!-- wp:paragraph -->43+865 (105849B droga gminna)<\/li>\n<li><!-- \/wp:paragraph --> <!-- wp:paragraph -->43+970 (droga wewn\u0119trzna)<\/li>\n<li><!-- \/wp:paragraph --> <!-- wp:paragraph -->44+245 (105848B droga gminna, ul. Poleg\u0142ych)<\/li>\n<li><!-- \/wp:paragraph --> <!-- wp:paragraph -->44+384 (2651B droga powiatowa, ul. Miastkowska)<\/li>\n<li><!-- \/wp:paragraph --> <!-- wp:paragraph -->45+407 (2649B droga powiatowa, ul. \u0141om\u017cy\u0144ska)<\/li>\n<li><!-- \/wp:paragraph --> <!-- wp:paragraph -->Szeroko\u015b\u0107 przej\u015bcia dla pieszych wraz z przejazdem dla rower\u00f3w 4,3 m,<\/li>\n<li><!-- \/wp:paragraph --> <!-- wp:paragraph -->Nawierzchnia: bitumiczna,<\/li>\n<li><!-- \/wp:paragraph --> <!-- wp:paragraph -->Wszystkie b\u0119d\u0105 do\u015bwietlone.<\/li>\n<\/ul>\n<\/li>\n<\/ul>\n<p><!-- \/wp:paragraph --><\/p>\n<\/div>\n<p><!-- \/wp:group --> <!-- wp:list --><\/p>\n<ul>\n<li style=\"list-style-type: none;\">\n<ul><!-- wp:list-item --><\/p>\n<li>Przej\u015bcia dla pieszych:<\/li>\n<\/ul>\n<\/li>\n<\/ul>\n<p><!-- \/wp:list-item --><\/p>\n<p><!-- \/wp:list --> <!-- wp:group {\"layout\":{\"type\":\"flex\",\"orientation\":\"vertical\"}} --><\/p>\n<div class=\"wp-block-group\"><!-- wp:paragraph --><\/p>\n<ul>\n<li style=\"list-style-type: none;\">\n<ul>\n<li>39+878 (istniej\u0105ce przez DW 645)<\/li>\n<li><!-- \/wp:paragraph --> <!-- wp:paragraph -->42+754 (istniej\u0105ce przez DW 645)<\/li>\n<li><!-- \/wp:paragraph --> <!-- wp:paragraph -->43+562 (istniej\u0105ce przez DW 645)<\/li>\n<li><!-- \/wp:paragraph --> <!-- wp:paragraph -->44+355 (istniej\u0105ce przez DW 645)<\/li>\n<li><!-- \/wp:paragraph --> <!-- wp:paragraph -->44+379 (istniej\u0105ce przez DW 645)<\/li>\n<li><!-- \/wp:paragraph --> <!-- wp:paragraph -->44+548 (istniej\u0105ce przez DW 645)<\/li>\n<li><!-- \/wp:paragraph --> <!-- wp:paragraph -->45+394 (istniej\u0105ce przez DW 645)<\/li>\n<li><!-- \/wp:paragraph --> <!-- wp:paragraph -->Szeroko\u015b\u0107 przej\u015bcia dla pieszych 4,0 m,<\/li>\n<li><!-- \/wp:paragraph --> <!-- wp:paragraph -->Nawierzchnia: bitumiczna,<\/li>\n<li><!-- \/wp:paragraph --> <!-- wp:paragraph -->Wszystkie b\u0119d\u0105 do\u015bwietlone.<\/li>\n<\/ul>\n<\/li>\n<\/ul>\n<p><!-- \/wp:paragraph --><\/p>\n<\/div>\n<p><!-- \/wp:group --> <!-- wp:list --><\/p>\n<ul>\n<li style=\"list-style-type: none;\">\n<ul><!-- wp:list-item --><\/p>\n<li>Perony przystankowe:<\/li>\n<\/ul>\n<\/li>\n<\/ul>\n<p><!-- \/wp:list-item --><\/p>\n<p><!-- \/wp:list --> <!-- wp:group {\"layout\":{\"type\":\"flex\",\"orientation\":\"vertical\"}} --><\/p>\n<div class=\"wp-block-group\"><!-- wp:paragraph --><\/p>\n<ul>\n<li style=\"list-style-type: none;\">\n<ul>\n<li>km 39+802, istniej\u0105cy peron d\u0142. 18,5m, dostosowanie do przyleg\u0142ej drogi dla pieszych i rower\u00f3w,<\/li>\n<li><!-- \/wp:paragraph --> <!-- wp:paragraph -->km 41+641, istniej\u0105cy peron d\u0142. 18,0m, dostosowanie do przyleg\u0142ej drogi dla pieszych i rower\u00f3w, projektowane o\u015bwietlenie<\/li>\n<li><!-- \/wp:paragraph --> <!-- wp:paragraph -->km 42+674, istniej\u0105cy peron d\u0142. 18,5m, dostosowanie do przyleg\u0142ej drogi dla pieszych i rower\u00f3w,<\/li>\n<li><!-- \/wp:paragraph --> <!-- wp:paragraph -->km 44+302, istniej\u0105cy peron d\u0142. 19,5m, dostosowanie do przyleg\u0142ej drogi dla pieszych i rower\u00f3w,<\/li>\n<li><!-- \/wp:paragraph --> <!-- wp:paragraph -->Nawierzchnia z kostki brukowej.<\/li>\n<\/ul>\n<\/li>\n<\/ul>\n<p><!-- \/wp:paragraph --><\/p>\n<\/div>\n<p><!-- \/wp:group --> <!-- wp:list --><\/p>\n<ul>\n<li style=\"list-style-type: none;\">\n<ul><!-- wp:list-item --><\/p>\n<li>Inne istotne elementy infrastruktury:<\/li>\n<\/ul>\n<\/li>\n<\/ul>\n<p><!-- \/wp:list-item --><\/p>\n<p><!-- \/wp:list --> <!-- wp:group {\"layout\":{\"type\":\"flex\",\"orientation\":\"vertical\"}} --><\/p>\n<div class=\"wp-block-group\"><!-- wp:paragraph --><\/p>\n<ul>\n<li style=\"list-style-type: none;\">\n<ul>\n<li>Budowa i przebudowa zjazd\u00f3w,<\/li>\n<li><!-- \/wp:paragraph --> <!-- wp:paragraph -->Przebudowa chodnik\u00f3w,<\/li>\n<li><!-- \/wp:paragraph --> <!-- wp:paragraph -->Przebudowa skrzy\u017cowa\u0144 z wlotami dr\u00f3g bocznych,<\/li>\n<li><!-- \/wp:paragraph --> <!-- wp:paragraph -->Budowa i przebudowa przepust\u00f3w,<\/li>\n<li><!-- \/wp:paragraph --> <!-- wp:paragraph -->Budowa i przebudowa systemu odwodnienia korpusu drogowego.<\/li>\n<li><!-- \/wp:paragraph --> <!-- wp:paragraph -->Przebudowa uzbrojenia istniej\u0105cego koliduj\u0105cego z inwestycj\u0105.<\/li>\n<\/ul>\n<\/li>\n<\/ul>\n<h4>Droga wojew\u00f3dzka nr 659 na odcinku Bielsk Podlaski \u2013 Augustowo<\/h4>\n<\/div>\n<ol><!-- \/wp:paragraph --><\/ol>\n<p><!-- \/wp:group --> <!-- wp:list --><\/p>\n<ul>\n<li style=\"list-style-type: none;\">\n<ul><!-- wp:list-item --><\/p>\n<li>Droga dla pieszych i rower\u00f3w:<\/li>\n<\/ul>\n<\/li>\n<\/ul>\n<p><!-- \/wp:list-item --><\/p>\n<p><!-- \/wp:list --> <!-- wp:group {\"layout\":{\"type\":\"flex\",\"orientation\":\"vertical\"}} --><\/p>\n<div class=\"wp-block-group\"><!-- wp:paragraph --><\/p>\n<ul>\n<li style=\"list-style-type: none;\">\n<ul>\n<li>Pocz\u0105tek w km ok. 0+539,<\/li>\n<li><!-- \/wp:paragraph --> <!-- wp:paragraph -->Koniec w km ok. 5+318,<\/li>\n<li><!-- \/wp:paragraph --> <!-- wp:paragraph -->Z wy\u0142\u0105cznie odcinka od km 2+180 do km 2+858 (budowa S19)<\/li>\n<li><!-- \/wp:paragraph --> <!-- wp:paragraph -->D\u0142ugo\u015b\u0107 odcinka wynosi ok 4100 m,<\/li>\n<li><!-- \/wp:paragraph --> <!-- wp:paragraph -->Szeroko\u015b\u0107 3,0 m,<\/li>\n<li><!-- \/wp:paragraph --> <!-- wp:paragraph -->Nawierzchnia: bitumiczna,<\/li>\n<li><!-- \/wp:paragraph --> <!-- wp:paragraph -->Do\u015bwietlenie przej\u015b\u0107 dla pieszych i rower\u00f3w,<\/li>\n<li><!-- \/wp:paragraph --> <!-- wp:paragraph -->Odwodnienie pasa drogowego nast\u0105pi powierzchniowo do kanalizacji deszczowej i wpust\u00f3w drogowych, kt\u00f3re odprowadzaj\u0105 wod\u0119 do row\u00f3w drogowych.<\/li>\n<\/ul>\n<\/li>\n<\/ul>\n<p><!-- \/wp:paragraph --><\/p>\n<\/div>\n<p><!-- \/wp:group --> <!-- wp:list --><\/p>\n<ul>\n<li style=\"list-style-type: none;\">\n<ul><!-- wp:list-item --><\/p>\n<li>Przej\u015bcia dla pieszych wraz z przejazdami dla rower\u00f3w:<\/li>\n<\/ul>\n<\/li>\n<\/ul>\n<p><!-- \/wp:list-item --><\/p>\n<p><!-- \/wp:list --> <!-- wp:group {\"layout\":{\"type\":\"flex\",\"orientation\":\"vertical\"}} --><\/p>\n<div class=\"wp-block-group\"><!-- wp:paragraph --><\/p>\n<ul>\n<li style=\"list-style-type: none;\">\n<ul>\n<li>0+583 (przez DW 659)<\/li>\n<li>1+345 (107324B droga gminna, ul Obwodowa)<\/li>\n<li><!-- \/wp:paragraph --> <!-- wp:paragraph -->1+653 (droga gminna wewn\u0119trzna, ul. Scaleniowa)<\/li>\n<li>2+022 (droga gminna wewn\u0119trzna, ul. Wiatrakowa)<\/li>\n<li>2+946 (droga gminna wewn\u0119trzna)<\/li>\n<li>3+567 (droga gminna wewn\u0119trzna)<\/li>\n<li>5+004 (107460B droga gminna)<\/li>\n<li>5+019 (przez DW 659)<\/li>\n<li>Szeroko\u015b\u0107 przej\u015bcia dla pieszych wraz z przejazdem dla rower\u00f3w 4,3 m,<\/li>\n<li>Nawierzchnia: bitumiczna,<\/li>\n<li>Wszystkie b\u0119d\u0105 do\u015bwietlone.<\/li>\n<\/ul>\n<\/li>\n<\/ul>\n<p><!-- \/wp:paragraph --><\/p>\n<\/div>\n<p><!-- \/wp:group --> <!-- wp:list --><\/p>\n<ul>\n<li style=\"list-style-type: none;\">\n<ul><!-- wp:list-item --><\/p>\n<li>Przej\u015bcia dla pieszych:<\/li>\n<\/ul>\n<\/li>\n<\/ul>\n<p><!-- \/wp:list-item --><\/p>\n<p><!-- \/wp:list --> <!-- wp:group {\"layout\":{\"type\":\"flex\",\"orientation\":\"vertical\"}} --><\/p>\n<div class=\"wp-block-group\"><!-- wp:paragraph --><\/p>\n<ul>\n<li style=\"list-style-type: none;\">\n<ul>\n<li>1+099 (przez DW 659)<\/li>\n<li><!-- \/wp:paragraph --> <!-- wp:paragraph -->1+329 (przez DW 659)<\/li>\n<li><!-- \/wp:paragraph --> <!-- wp:paragraph -->1+556 (przez DW 659)<\/li>\n<li><!-- \/wp:paragraph --> <!-- wp:paragraph -->3+635 (przez DW 659)<\/li>\n<li><!-- \/wp:paragraph --> <!-- wp:paragraph -->Szeroko\u015b\u0107 przej\u015bcia dla pieszych 4,0 m,<\/li>\n<li><!-- \/wp:paragraph --> <!-- wp:paragraph -->Nawierzchnia: bitumiczna,<\/li>\n<li><!-- \/wp:paragraph --> <!-- wp:paragraph -->Wszystkie b\u0119d\u0105 do\u015bwietlone.<\/li>\n<\/ul>\n<\/li>\n<\/ul>\n<p><!-- \/wp:paragraph --><\/p>\n<\/div>\n<p><!-- \/wp:group --> <!-- wp:list --><\/p>\n<ul>\n<li style=\"list-style-type: none;\">\n<ul><!-- wp:list-item --><\/p>\n<li>Perony przystankowe:<\/li>\n<\/ul>\n<\/li>\n<\/ul>\n<p><!-- \/wp:list-item --><\/p>\n<p><!-- \/wp:list --> <!-- wp:group {\"layout\":{\"type\":\"flex\",\"orientation\":\"vertical\"}} --><\/p>\n<div class=\"wp-block-group\"><!-- wp:paragraph --><\/p>\n<ul>\n<li style=\"list-style-type: none;\">\n<ul>\n<li>km 0+829, peron \u2013 chodnik, dostosowanie do przyleg\u0142ej drogi dla pieszych i rower\u00f3w,<\/li>\n<li><!-- \/wp:paragraph --> km 1+369, peron \u2013 dostosowanie do przyleg\u0142ej drogi dla pieszych i rower\u00f3w,<\/li>\n<li><!-- \/wp:group --> km 3+677, istniej\u0105cy peron d\u0142. 18,5m, dostosowanie do przyleg\u0142ej drogi dla pieszych i rower\u00f3w,<\/li>\n<li><!-- \/wp:group --> km 4+011, peron \u2013 dostosowanie do przyleg\u0142ej drogi dla pieszych i rower\u00f3w,<\/li>\n<li><!-- \/wp:paragraph --> km 4+790, peron \u2013 dostosowanie do przyleg\u0142ej drogi dla pieszych i rower\u00f3w,<\/li>\n<\/ul>\n<\/li>\n<\/ul>\n<p><!-- \/wp:paragraph --><\/p>\n<\/div>\n<p><!-- \/wp:group --> <!-- wp:list --><\/p>\n<ul>\n<li style=\"list-style-type: none;\">\n<ul><!-- wp:list-item --><\/p>\n<li>Inne istotne elementy infrastruktury:<\/li>\n<\/ul>\n<\/li>\n<\/ul>\n<p><!-- \/wp:list-item --><\/p>\n<p><!-- \/wp:list --> <!-- wp:group {\"layout\":{\"type\":\"flex\",\"orientation\":\"vertical\"}} --><\/p>\n<div class=\"wp-block-group\"><!-- wp:paragraph --><\/p>\n<ul>\n<li style=\"list-style-type: none;\">\n<ul>\n<li>Budowa i przebudowa zjazd\u00f3w,<\/li>\n<li><!-- \/wp:paragraph --> <!-- wp:paragraph -->Przebudowa i budow\u0119 chodnik\u00f3w,<\/li>\n<li><!-- \/wp:paragraph --> <!-- wp:paragraph -->Przebudowa skrzy\u017cowa\u0144 z wlotami dr\u00f3g bocznych,<\/li>\n<li><!-- \/wp:paragraph --> <!-- wp:paragraph -->Budowa i przebudowa przepust\u00f3w,<\/li>\n<li><!-- \/wp:paragraph --> <!-- wp:paragraph -->Budowa i przebudowa systemu odwodnienia korpusu drogowego,<\/li>\n<li><!-- \/wp:paragraph --> <!-- wp:paragraph -->Przebudowa uzbrojenia istniej\u0105cego koliduj\u0105cego z inwestycj\u0105.<br \/>\n<h2>\u00a0<\/h2>\n<\/li>\n<\/ul>\n<\/li>\n<\/ul>\n<h4>Droga wojew\u00f3dzka Nr 664 (ul. Bohater\u00f3w Westerplatte) mi\u0119dzy skrzy\u017cowaniami z ulicami Wybickiego i Limanowskiego w Augustowie \u2013 projektu i buduj<\/h4>\n<\/div>\n<ol><!-- \/wp:list-item --><\/ol>\n<p><!-- \/wp:list --> <!-- wp:list --><\/p>\n<ul>\n<li style=\"list-style-type: none;\">\n<ul><!-- wp:list-item --><\/p>\n<li>Droga dla pieszych i rower\u00f3w:<\/li>\n<\/ul>\n<\/li>\n<\/ul>\n<p><!-- \/wp:list-item --><\/p>\n<p><!-- \/wp:list --> <!-- wp:group {\"layout\":{\"type\":\"flex\",\"orientation\":\"vertical\"}} --><\/p>\n<div class=\"wp-block-group\"><!-- wp:paragraph --><\/p>\n<ul>\n<li style=\"list-style-type: none;\">\n<ul>\n<li>Pocz\u0105tek w km ok. 0+810,<\/li>\n<li><!-- \/wp:paragraph --> <!-- wp:paragraph -->Koniec w km ok. 1+050<\/li>\n<li><!-- \/wp:paragraph --> <!-- wp:paragraph -->D\u0142ugo\u015b\u0107 odcinka wynosi ok 240 m,<\/li>\n<li><!-- \/wp:paragraph --> <!-- wp:paragraph -->Szeroko\u015b\u0107 3,0 m, w trudnych warunkach 2,5 m,<\/li>\n<li><!-- \/wp:paragraph --> <!-- wp:paragraph -->Nawierzchnia: bitumiczna,<\/li>\n<li><!-- \/wp:paragraph --> <!-- wp:paragraph -->Ewentualne do\u015bwietlenie przej\u015b\u0107 dla pieszych i rower\u00f3w.<\/li>\n<\/ul>\n<\/li>\n<\/ul>\n<p><!-- \/wp:paragraph --><\/p>\n<\/div>\n<p><!-- \/wp:group --> <!-- wp:list --><\/p>\n<ul>\n<li style=\"list-style-type: none;\">\n<ul><!-- wp:list-item --><\/p>\n<li>Przej\u015bcia dla pieszych wraz z przejazdami dla rower\u00f3w:<\/li>\n<\/ul>\n<\/li>\n<\/ul>\n<p><!-- \/wp:list-item --><\/p>\n<p><!-- \/wp:list --> <!-- wp:paragraph --><\/p>\n<p style=\"padding-left: 40px;\">Brak danych \u2013 inwestycja w fazie przygotowawczej<\/p>\n<p><!-- \/wp:paragraph --> <!-- wp:list --><\/p>\n<ul>\n<li style=\"list-style-type: none;\">\n<ul><!-- wp:list-item --><\/p>\n<li>Perony przystankowe: BRAK<\/li>\n<\/ul>\n<\/li>\n<\/ul>\n<p><!-- \/wp:list-item --> <!-- wp:list-item --><\/p>\n<ul>\n<li style=\"list-style-type: none;\">\n<ul>\n<li>Inne istotne elementy infrastruktury:<\/li>\n<\/ul>\n<\/li>\n<\/ul>\n<p><!-- \/wp:list-item --><\/p>\n<p><!-- \/wp:list --> <!-- wp:group {\"layout\":{\"type\":\"flex\",\"orientation\":\"vertical\"}} --><\/p>\n<div class=\"wp-block-group\"><!-- wp:paragraph --><\/p>\n<ul>\n<li style=\"list-style-type: none;\">\n<ul>\n<li>Budowa k\u0142adki dla pieszych i rower\u00f3w nad Kana\u0142em Augustowskim,<\/li>\n<li><!-- \/wp:paragraph --> <!-- wp:paragraph -->Ewentualna budowa i przebudowa zjazd\u00f3w,<\/li>\n<li><!-- \/wp:paragraph --> <!-- wp:paragraph -->Ewentualna przebudowa i budow\u0119 chodnik\u00f3w,<\/li>\n<li><!-- \/wp:paragraph --> <!-- wp:paragraph -->Ewentualna przebudowa skrzy\u017cowa\u0144 z wlotami dr\u00f3g bocznych,<\/li>\n<li><!-- \/wp:paragraph --> <!-- wp:paragraph -->Ewentualna budowa i przebudowa systemu odwodnienia korpusu drogowego,<\/li>\n<li><!-- \/wp:paragraph --> <!-- wp:paragraph -->Ewentualna przebudowa uzbrojenia istniej\u0105cego koliduj\u0105cego z inwestycj\u0105.<br \/>\n<h2>\u00a0<\/h2>\n<\/li>\n<\/ul>\n<\/li>\n<\/ul>\n<h4>Droga wojew\u00f3dzka nr 676 na odcinku Supra\u015bl \u2013 Podsoko\u0142da<\/h4>\n<\/div>\n<ol><!-- \/wp:list-item --><\/ol>\n<p><!-- \/wp:list --> <!-- wp:list --><\/p>\n<ul>\n<li style=\"list-style-type: none;\">\n<ul><!-- wp:list-item --><\/p>\n<li>Droga dla rower\u00f3w:<\/li>\n<\/ul>\n<\/li>\n<\/ul>\n<p><!-- \/wp:list-item --><\/p>\n<p><!-- \/wp:list --> <!-- wp:group {\"layout\":{\"type\":\"flex\",\"orientation\":\"vertical\"}} --><\/p>\n<div class=\"wp-block-group\"><!-- wp:paragraph --><\/p>\n<ul>\n<li style=\"list-style-type: none;\">\n<ul>\n<li>Pocz\u0105tek w km ok. 21+596 (dowi\u0105zanie do istniej\u0105cego ci\u0105gu pieszo-rowerowego po str. P)<\/li>\n<li><!-- \/wp:paragraph --> <!-- wp:paragraph -->Koniec w km ok. 29+020,<\/li>\n<li><!-- \/wp:paragraph --> <!-- wp:paragraph -->D\u0142ugo\u015b\u0107 odcinka wynosi ok 7400 m,<\/li>\n<li><!-- \/wp:paragraph --> <!-- wp:paragraph -->Szeroko\u015b\u0107 2,5 m,<\/li>\n<li><!-- \/wp:paragraph --> <!-- wp:paragraph -->Nawierzchnia: bitumiczna,<\/li>\n<li><!-- \/wp:paragraph --> <!-- wp:paragraph -->Brak o\u015bwietlenia drogowego,<\/li>\n<li><!-- \/wp:paragraph --> <!-- wp:paragraph -->Odwodnienie powierzchniowe do row\u00f3w drogowych.<\/li>\n<\/ul>\n<\/li>\n<\/ul>\n<p><!-- \/wp:paragraph --><\/p>\n<\/div>\n<p><!-- \/wp:group --> <!-- wp:list --><\/p>\n<ul>\n<li style=\"list-style-type: none;\">\n<ul><!-- wp:list-item --><\/p>\n<li>Przej\u015bcia dla pieszych: BRAK<\/li>\n<\/ul>\n<\/li>\n<\/ul>\n<p><!-- \/wp:list-item --> <!-- wp:list-item --><\/p>\n<ul>\n<li style=\"list-style-type: none;\">\n<ul>\n<li>Przejazdy dla rower\u00f3w:<\/li>\n<\/ul>\n<\/li>\n<\/ul>\n<p><!-- \/wp:list-item --><\/p>\n<p><!-- \/wp:list --> <!-- wp:group {\"layout\":{\"type\":\"flex\",\"orientation\":\"vertical\"}} --><\/p>\n<div class=\"wp-block-group\"><!-- wp:paragraph --><\/p>\n<ul>\n<li style=\"list-style-type: none;\">\n<ul>\n<li>Droga Powiatowa nr 1435B (droga gruntowa naturalna szeroko\u015b\u0107 korony 6,0m) klasa Z,<\/li>\n<li><!-- \/wp:paragraph --> <!-- wp:paragraph -->km DW 676 22+827,<\/li>\n<li><!-- \/wp:paragraph --> <!-- wp:paragraph -->Szeroko\u015b\u0107 przejazdu dla rower\u00f3w 2,5 m,<\/li>\n<li><!-- \/wp:paragraph --> <!-- wp:paragraph -->Nawierzchnia: bitumiczna,<\/li>\n<li><!-- \/wp:paragraph --> <!-- wp:paragraph -->Brak o\u015bwietlenia drogowego,<\/li>\n<li><!-- \/wp:paragraph --> <!-- wp:paragraph -->Odwodnienie powierzchniowe do row\u00f3w drogowych.<\/li>\n<\/ul>\n<\/li>\n<\/ul>\n<p><!-- \/wp:paragraph --><\/p>\n<\/div>\n<p><!-- \/wp:group --> <!-- wp:list --><\/p>\n<ul>\n<li style=\"list-style-type: none;\">\n<ul><!-- wp:list-item --><\/p>\n<li>Perony przystankowe: BRAK<\/li>\n<\/ul>\n<\/li>\n<\/ul>\n<p><!-- \/wp:list-item --> <!-- wp:list-item --><\/p>\n<ul>\n<li style=\"list-style-type: none;\">\n<ul>\n<li>Inne istotne elementy infrastruktury:<\/li>\n<\/ul>\n<\/li>\n<\/ul>\n<p><!-- \/wp:list-item --><\/p>\n<p><!-- \/wp:list --> <!-- wp:group {\"layout\":{\"type\":\"flex\",\"orientation\":\"vertical\"}} --><\/p>\n<div class=\"wp-block-group\"><!-- wp:paragraph --><\/p>\n<ul>\n<li style=\"list-style-type: none;\">\n<ul>\n<li>Budowa i przebudowa zjazd\u00f3w,<\/li>\n<li><!-- \/wp:paragraph --> <!-- wp:paragraph -->Budowa chodnik\u00f3w,<\/li>\n<li><!-- \/wp:paragraph --> <!-- wp:paragraph -->Przebudowa skrzy\u017cowa\u0144 z wlotami dr\u00f3g bocznych,<\/li>\n<li><!-- \/wp:paragraph --> <!-- wp:paragraph -->Budowa i przebudowa przepust\u00f3w,<\/li>\n<li><!-- \/wp:paragraph --> <!-- wp:paragraph -->Budowa i przebudowa systemu odwodnienia korpusu drogowego,<\/li>\n<li><!-- \/wp:paragraph --> <!-- wp:paragraph -->Przebudowa uzbrojenia istniej\u0105cego koliduj\u0105cego z inwestycj\u0105.<br \/>\n<h2>\u00a0<\/h2>\n<\/li>\n<\/ul>\n<\/li>\n<\/ul>\n<h4>Droga wojew\u00f3dzka Nr 684 Bielsk Podlaski \u2013 Narew w m. Bia\u0142a<\/h4>\n<\/div>\n<ol><!-- \/wp:list-item --><\/ol>\n<p><!-- \/wp:list --> <!-- wp:list --><\/p>\n<ul>\n<li style=\"list-style-type: none;\">\n<ul><!-- wp:list-item --><\/p>\n<li>Droga dla pieszych i rower\u00f3w:<\/li>\n<\/ul>\n<\/li>\n<\/ul>\n<p><!-- \/wp:list-item --><\/p>\n<p><!-- \/wp:list --> <!-- wp:group {\"layout\":{\"type\":\"flex\",\"orientation\":\"vertical\"}} --><\/p>\n<div class=\"wp-block-group\"><!-- wp:paragraph --><\/p>\n<ul>\n<li style=\"list-style-type: none;\">\n<ul>\n<li>Pocz\u0105tek w km ok. 4+918 (dowi\u0105zanie do istniej\u0105cej \u015bcie\u017cki rowerowa po str. P)<\/li>\n<li><!-- \/wp:paragraph --> <!-- wp:paragraph -->Koniec w km ok. 5+368 (za zjazdem w km 5+365 str. P),<\/li>\n<li><!-- \/wp:paragraph --> <!-- wp:paragraph -->D\u0142ugo\u015b\u0107 odcinka wynosi ok 450 m,<\/li>\n<li><!-- \/wp:paragraph --> <!-- wp:paragraph -->Szeroko\u015b\u0107 3,0 m,<\/li>\n<li><!-- \/wp:paragraph --> <!-- wp:paragraph -->Nawierzchnia: kostka brukowa bezfazowa,<\/li>\n<li><!-- \/wp:paragraph --> <!-- wp:paragraph -->Na odcinku\u00a0 4+952 \u2013 5+120 istnieje o\u015bwietlenie drogowe zlokalizowane na istniej\u0105cej <!-- wp:paragraph -->napowietrznej linii komunalnej,<\/li>\n<\/ul>\n<\/li>\n<\/ul>\n<p><!-- \/wp:paragraph --> <!-- wp:paragraph --><\/p>\n<p>Odwodnienie pasa drogowego nast\u0105pi powierzchniowo do projektowanej kanalizacji deszczowej i wpust\u00f3w drogowych, kt\u00f3re odprowadzaj\u0105 wod\u0119 do row\u00f3w drogowych. Istniej\u0105cy przepust pod DW zostanie przed\u0142u\u017cony w celu dostosowania do projektowanych parametr\u00f3w.<\/p>\n<p><!-- \/wp:paragraph --><\/p>\n<\/div>\n<p><!-- \/wp:group --> <!-- wp:list --><\/p>\n<ul>\n<li style=\"list-style-type: none;\">\n<ul><!-- wp:list-item --><\/p>\n<li>Przej\u015bcia dla pieszych: BRAK<\/li>\n<\/ul>\n<\/li>\n<\/ul>\n<p><!-- \/wp:list-item --> <!-- wp:list-item --><\/p>\n<ul>\n<li style=\"list-style-type: none;\">\n<ul>\n<li>Przejazdy dla rower\u00f3w: BRAK<\/li>\n<\/ul>\n<\/li>\n<\/ul>\n<p><!-- \/wp:list-item --> <!-- wp:list-item --><\/p>\n<ul>\n<li style=\"list-style-type: none;\">\n<ul>\n<li>Perony przystankowe:<\/li>\n<\/ul>\n<\/li>\n<\/ul>\n<p><!-- \/wp:list-item --><\/p>\n<p><!-- \/wp:list --> <!-- wp:group {\"layout\":{\"type\":\"flex\",\"orientation\":\"vertical\"}} --><\/p>\n<div class=\"wp-block-group\"><!-- wp:paragraph --><\/p>\n<ul>\n<li style=\"list-style-type: none;\">\n<ul>\n<li>Pocz\u0105tek w km ok. 5+162<\/li>\n<li><!-- \/wp:paragraph --> <!-- wp:paragraph -->Koniec w km ok. 5+182,<\/li>\n<li><!-- \/wp:paragraph --> <!-- wp:paragraph -->D\u0142ugo\u015b\u0107: 20 m,<\/li>\n<li><!-- \/wp:paragraph --> <!-- wp:paragraph -->Szeroko\u015b\u0107 min. 1,5m,<\/li>\n<li><!-- \/wp:paragraph --> <!-- wp:paragraph -->Nawierzchnia: kostka brukowa bezfazowa,<\/li>\n<li><!-- \/wp:paragraph --> <!-- wp:paragraph -->O\u015bwietlenie brak.<\/li>\n<\/ul>\n<\/li>\n<\/ul>\n<p><!-- \/wp:paragraph --><\/p>\n<\/div>\n<p><!-- \/wp:group --> <!-- wp:list --><\/p>\n<ul>\n<li style=\"list-style-type: none;\">\n<ul><!-- wp:list-item --><\/p>\n<li>Inne istotne elementy infrastruktury:<\/li>\n<\/ul>\n<\/li>\n<\/ul>\n<p><!-- \/wp:list-item --><\/p>\n<p><!-- \/wp:list --> <!-- wp:group {\"layout\":{\"type\":\"flex\",\"orientation\":\"vertical\"}} --><\/p>\n<div class=\"wp-block-group\">\n<ul>\n<li style=\"list-style-type: none;\">\n<ul>\n<li>Budowa i przebudowa zjazd\u00f3w,<\/li>\n<li>Budowa i przebudowa przepust\u00f3w,<\/li>\n<li>Budowa i przebudowa systemu odwodnienia korpusu drogowego,<\/li>\n<li>Przebudowa uzbrojenia istniej\u0105cego koliduj\u0105cego z inwestycj\u0105.<\/li>\n<\/ul>\n<\/li>\n<\/ul>\n<\/div>\n<p><img decoding=\"async\" class=\"aligncenter wp-image-10810\" src=\"https:\/\/www.pzdw.bialystok.pl\/wp-content\/uploads\/2023\/10\/rfrd.png\" alt=\"\" width=\"1599\" height=\"1087\" srcset=\"https:\/\/www.pzdw.bialystok.pl\/wp-content\/uploads\/2023\/10\/rfrd.png 590w, https:\/\/www.pzdw.bialystok.pl\/wp-content\/uploads\/2023\/10\/rfrd-300x204.png 300w\" sizes=\"(max-width: 1599px) 100vw, 1599px\" \/><\/p>\n<p><!-- \/wp:group --><\/p>","protected":false},"excerpt":{"rendered":"<p>&#46;&#46;&#46;<\/p>\n","protected":false},"author":14,"featured_media":0,"comment_status":"open","ping_status":"open","sticky":false,"template":"","format":"standard","meta":{"footnotes":""},"categories":[6],"tags":[],"class_list":["post-10321","post","type-post","status-publish","format-standard","hentry","category-rfrd"],"_links":{"self":[{"href":"https:\/\/www.pzdw.bialystok.pl\/index.php?rest_route=\/wp\/v2\/posts\/10321","targetHints":{"allow":["GET"]}}],"collection":[{"href":"https:\/\/www.pzdw.bialystok.pl\/index.php?rest_route=\/wp\/v2\/posts"}],"about":[{"href":"https:\/\/www.pzdw.bialystok.pl\/index.php?rest_route=\/wp\/v2\/types\/post"}],"author":[{"embeddable":true,"href":"https:\/\/www.pzdw.bialystok.pl\/index.php?rest_route=\/wp\/v2\/users\/14"}],"replies":[{"embeddable":true,"href":"https:\/\/www.pzdw.bialystok.pl\/index.php?rest_route=%2Fwp%2Fv2%2Fcomments&post=10321"}],"version-history":[{"count":2,"href":"https:\/\/www.pzdw.bialystok.pl\/index.php?rest_route=\/wp\/v2\/posts\/10321\/revisions"}],"predecessor-version":[{"id":12067,"href":"https:\/\/www.pzdw.bialystok.pl\/index.php?rest_route=\/wp\/v2\/posts\/10321\/revisions\/12067"}],"wp:attachment":[{"href":"https:\/\/www.pzdw.bialystok.pl\/index.php?rest_route=%2Fwp%2Fv2%2Fmedia&parent=10321"}],"wp:term":[{"taxonomy":"category","embeddable":true,"href":"https:\/\/www.pzdw.bialystok.pl\/index.php?rest_route=%2Fwp%2Fv2%2Fcategories&post=10321"},{"taxonomy":"post_tag","embeddable":true,"href":"https:\/\/www.pzdw.bialystok.pl\/index.php?rest_route=%2Fwp%2Fv2%2Ftags&post=10321"}],"curies":[{"name":"wp","href":"https:\/\/api.w.org\/{rel}","templated":true}]}}